{"id":178,"date":"2018-09-20T17:33:21","date_gmt":"2018-09-20T17:33:21","guid":{"rendered":"http:\/\/www.colegioarautos.net\/?p=178"},"modified":"2020-02-28T17:56:03","modified_gmt":"2020-02-28T17:56:03","slug":"guimaraes-colegio-arautos-inaugura-novo-ano-escolar","status":"publish","type":"post","link":"https:\/\/www.colegioarautos.net\/?p=178","title":{"rendered":"Guimar\u00e3es: Col\u00e9gio Arautos inaugura novo ano escolar"},"content":{"rendered":"\n<div class=\"wp-block-image\"><figure class=\"aligncenter\"><img loading=\"lazy\" decoding=\"async\" width=\"640\" height=\"264\" src=\"http:\/\/www.colegioarautos.net\/wp-content\/uploads\/2018\/11\/AEA_0530.jpg\" alt=\"\" class=\"wp-image-179\" srcset=\"https:\/\/www.colegioarautos.net\/wp-content\/uploads\/2018\/11\/AEA_0530.jpg 640w, https:\/\/www.colegioarautos.net\/wp-content\/uploads\/2018\/11\/AEA_0530-300x124.jpg 300w\" sizes=\"auto, (max-width: 640px) 100vw, 640px\" \/><\/figure><\/div>\n\n\n\n<p>Na passada sexta-feira, festa da Exalta\u00e7\u00e3o da Santa Cruz, o Col\u00e9gio Arautos do Evangelho congregou pais, alunos e professores para assinalar solenemente a abertura do novo ano escolar.<\/p>\n\n\n\n<p>O evento teve o seu ponto alto na Celebra\u00e7\u00e3o Eucar\u00edstica, presidida pelo Pe. Roberto Sato, EP, e animada pelo coro dos jovens Arautos.Em sua homilia o sacerdote lembrou que este dia \u201cmarca o in\u00edcio de uma caminhada\u201d, salientando que um novo ano lectivo significa \u201cnovas metas, amizades e conhecimento, para crescermos enquanto pessoas mas tamb\u00e9m para os colocar ao servi\u00e7o da Santa Igreja\u201d.<\/p>\n\n\n\n<p>\u00c0 semelhan\u00e7a dos anos anteriores, ap\u00f3s a Santa Missa teve lugar o conv\u00edvio \u00e0 mesa com uma saborosa refei\u00e7\u00e3o partilhada por todos.<\/p>\n\n\n\nngg_shortcode_0_placeholder\n","protected":false},"excerpt":{"rendered":"<p>Na passada sexta-feira, festa da Exalta\u00e7\u00e3o da Santa Cruz, o Col\u00e9gio Arautos do Evangelho congregou pais, alunos e professores para assinalar solenemente a abertura do novo ano escolar.&#46;&#46;&#46;<\/p>\n","protected":false},"author":4,"featured_media":371,"comment_status":"open","ping_status":"closed","sticky":false,"template":"","format":"standard","meta":{"_acf_changed":false,"ngg_post_thumbnail":0,"footnotes":""},"categories":[1],"tags":[],"class_list":["post-178","post","type-post","status-publish","format-standard","has-post-thumbnail","hentry","category-arautos-noticias"],"acf":[],"_links":{"self":[{"href":"https:\/\/www.colegioarautos.net\/index.php?rest_route=\/wp\/v2\/posts\/178","targetHints":{"allow":["GET"]}}],"collection":[{"href":"https:\/\/www.colegioarautos.net\/index.php?rest_route=\/wp\/v2\/posts"}],"about":[{"href":"https:\/\/www.colegioarautos.net\/index.php?rest_route=\/wp\/v2\/types\/post"}],"author":[{"embeddable":true,"href":"https:\/\/www.colegioarautos.net\/index.php?rest_route=\/wp\/v2\/users\/4"}],"replies":[{"embeddable":true,"href":"https:\/\/www.colegioarautos.net\/index.php?rest_route=%2Fwp%2Fv2%2Fcomments&post=178"}],"version-history":[{"count":7,"href":"https:\/\/www.colegioarautos.net\/index.php?rest_route=\/wp\/v2\/posts\/178\/revisions"}],"predecessor-version":[{"id":374,"href":"https:\/\/www.colegioarautos.net\/index.php?rest_route=\/wp\/v2\/posts\/178\/revisions\/374"}],"wp:featuredmedia":[{"embeddable":true,"href":"https:\/\/www.colegioarautos.net\/index.php?rest_route=\/wp\/v2\/media\/371"}],"wp:attachment":[{"href":"https:\/\/www.colegioarautos.net\/index.php?rest_route=%2Fwp%2Fv2%2Fmedia&parent=178"}],"wp:term":[{"taxonomy":"category","embeddable":true,"href":"https:\/\/www.colegioarautos.net\/index.php?rest_route=%2Fwp%2Fv2%2Fcategories&post=178"},{"taxonomy":"post_tag","embeddable":true,"href":"https:\/\/www.colegioarautos.net\/index.php?rest_route=%2Fwp%2Fv2%2Ftags&post=178"}],"curies":[{"name":"wp","href":"https:\/\/api.w.org\/{rel}","templated":true}]}}