{"id":196,"date":"2018-11-18T17:47:16","date_gmt":"2018-11-18T17:47:16","guid":{"rendered":"http:\/\/www.colegioarautos.net\/?p=196"},"modified":"2020-02-28T17:55:41","modified_gmt":"2020-02-28T17:55:41","slug":"braga-d-jorge-ortiga-inaugura-presepio-animado-dos-arautos-do-evangelho","status":"publish","type":"post","link":"https:\/\/www.colegioarautos.net\/?p=196","title":{"rendered":"D. Jorge Ortiga inaugura pres\u00e9pio animado dos Arautos do Evangelho"},"content":{"rendered":"<p><a href=\"http:\/\/www.colegioarautos.net\/wp-content\/uploads\/2018\/11\/AEA_6322.jpg\"><img loading=\"lazy\" decoding=\"async\" class=\"size-full wp-image-197 aligncenter\" src=\"http:\/\/www.colegioarautos.net\/wp-content\/uploads\/2018\/11\/AEA_6322.jpg\" alt=\"\" width=\"640\" height=\"426\" srcset=\"https:\/\/www.colegioarautos.net\/wp-content\/uploads\/2018\/11\/AEA_6322.jpg 640w, https:\/\/www.colegioarautos.net\/wp-content\/uploads\/2018\/11\/AEA_6322-300x200.jpg 300w\" sizes=\"auto, (max-width: 640px) 100vw, 640px\" \/><\/a><\/p>\n\n\n<p> J\u00e1 abriu ao p\u00fablico mais uma edi\u00e7\u00e3o do pres\u00e9pio com som, luz e movimento dos Arautos do Evangelho. A exposi\u00e7\u00e3o foi oficialmente inaugurada no s\u00e1bado passado, pelo Arcebispo Primaz de Braga, D. Jorge Ortiga.<\/p>\n\n\n\n<p>Esta iniciativa j\u00e1 faz parte do itiner\u00e1rio de Natal de milhares de fam\u00edlias e, harmonizando arte e tecnologia, pretende proporcionar, a um p\u00fablico de todas as idades, uma verdadeira viagem em esp\u00edrito pelos principais momentos da hist\u00f3ria da Salva\u00e7\u00e3o.<\/p>\n\n\n\n<p>O pres\u00e9pio est\u00e1 aberto todos os dias das 16h \u00e0s 20h no Col\u00e9gio Arautos do Evangelho na Rua de Sezim, Santiago de Candoso \u2013 Guimar\u00e3es.<\/p>\n\n\n\nngg_shortcode_0_placeholder\n","protected":false},"excerpt":{"rendered":"<p>J\u00e1 abriu ao p\u00fablico mais uma edi\u00e7\u00e3o do pres\u00e9pio com som, luz e movimento dos Arautos do Evangelho. A exposi\u00e7\u00e3o foi oficialmente inaugurada no s\u00e1bado passado, pelo Arcebispo&#46;&#46;&#46;<\/p>\n","protected":false},"author":4,"featured_media":367,"comment_status":"open","ping_status":"closed","sticky":false,"template":"","format":"standard","meta":{"_acf_changed":false,"ngg_post_thumbnail":0,"footnotes":""},"categories":[1],"tags":[],"class_list":["post-196","post","type-post","status-publish","format-standard","has-post-thumbnail","hentry","category-arautos-noticias"],"acf":[],"_links":{"self":[{"href":"https:\/\/www.colegioarautos.net\/index.php?rest_route=\/wp\/v2\/posts\/196","targetHints":{"allow":["GET"]}}],"collection":[{"href":"https:\/\/www.colegioarautos.net\/index.php?rest_route=\/wp\/v2\/posts"}],"about":[{"href":"https:\/\/www.colegioarautos.net\/index.php?rest_route=\/wp\/v2\/types\/post"}],"author":[{"embeddable":true,"href":"https:\/\/www.colegioarautos.net\/index.php?rest_route=\/wp\/v2\/users\/4"}],"replies":[{"embeddable":true,"href":"https:\/\/www.colegioarautos.net\/index.php?rest_route=%2Fwp%2Fv2%2Fcomments&post=196"}],"version-history":[{"count":10,"href":"https:\/\/www.colegioarautos.net\/index.php?rest_route=\/wp\/v2\/posts\/196\/revisions"}],"predecessor-version":[{"id":377,"href":"https:\/\/www.colegioarautos.net\/index.php?rest_route=\/wp\/v2\/posts\/196\/revisions\/377"}],"wp:featuredmedia":[{"embeddable":true,"href":"https:\/\/www.colegioarautos.net\/index.php?rest_route=\/wp\/v2\/media\/367"}],"wp:attachment":[{"href":"https:\/\/www.colegioarautos.net\/index.php?rest_route=%2Fwp%2Fv2%2Fmedia&parent=196"}],"wp:term":[{"taxonomy":"category","embeddable":true,"href":"https:\/\/www.colegioarautos.net\/index.php?rest_route=%2Fwp%2Fv2%2Fcategories&post=196"},{"taxonomy":"post_tag","embeddable":true,"href":"https:\/\/www.colegioarautos.net\/index.php?rest_route=%2Fwp%2Fv2%2Ftags&post=196"}],"curies":[{"name":"wp","href":"https:\/\/api.w.org\/{rel}","templated":true}]}}