{"id":215,"date":"2018-12-03T10:34:11","date_gmt":"2018-12-03T10:34:11","guid":{"rendered":"http:\/\/www.colegioarautos.net\/?p=215"},"modified":"2020-02-28T16:07:24","modified_gmt":"2020-02-28T16:07:24","slug":"arautos-do-evangelho-presepio-com-som-luz-e-movimento","status":"publish","type":"post","link":"https:\/\/www.colegioarautos.net\/?p=215","title":{"rendered":"Arautos do Evangelho: Pres\u00e9pio com Som, Luz e Movimento"},"content":{"rendered":"<p><\/p>\n\n\n<figure class=\"wp-block-embed-youtube wp-block-embed is-type-video is-provider-youtube wp-embed-aspect-16-9 wp-has-aspect-ratio\"><div class=\"wp-block-embed__wrapper\">\n<div class=\"video-container\"><iframe loading=\"lazy\" title=\"Arautos do Evangelho: Pres\u00e9pio com som, luz e movimento\" width=\"500\" height=\"281\" src=\"https:\/\/www.youtube.com\/embed\/ii_xg1FaytU?feature=oembed&#038;wmode=opaque\" frameborder=\"0\" allow=\"accelerometer; autoplay; clipboard-write; encrypted-media; gyroscope; picture-in-picture; web-share\" referrerpolicy=\"strict-origin-when-cross-origin\" allowfullscreen><\/iframe><\/div>\n<\/div><\/figure>\n\n\n\n<p>J\u00e1 abriu no Col\u00e9gio Arautos do Evangelho mais uma edi\u00e7\u00e3o do pres\u00e9pio com som, luz e movimento. Nesta encantadora exposi\u00e7\u00e3o os cen\u00e1rios iluminam-se e as pe\u00e7as ganham vida para levar o p\u00fablico numa verdadeira viagem em esp\u00edrito at\u00e9 \u00e0 Gruta de Bel\u00e9m.<\/p>\n\n\n\n<p><strong>Aberto todos os dias<\/strong>\u00a0at\u00e9 15 de Janeiro, das<strong>\u00a016h \u00e0s 20h\u00a0<\/strong>no<strong>\u00a0Col\u00e9gio Arautos do Evangelho<\/strong>, na Rua de Sezim em Santiago de Candoso \u2013 Guimar\u00e3es. Entrada livre. Para grupos ou outros hor\u00e1rios contacte: 933 590 170<br>ngg_shortcode_0_placeholder<\/p>\n","protected":false},"excerpt":{"rendered":"<p>J\u00e1 abriu no Col\u00e9gio Arautos do Evangelho mais uma edi\u00e7\u00e3o do pres\u00e9pio com som, luz e movimento. Nesta encantadora exposi\u00e7\u00e3o os cen\u00e1rios iluminam-se e as pe\u00e7as ganham vida&#46;&#46;&#46;<\/p>\n","protected":false},"author":4,"featured_media":364,"comment_status":"open","ping_status":"closed","sticky":false,"template":"","format":"video","meta":{"_acf_changed":false,"ngg_post_thumbnail":0,"footnotes":""},"categories":[1],"tags":[],"class_list":["post-215","post","type-post","status-publish","format-video","has-post-thumbnail","hentry","category-arautos-noticias","post_format-post-format-video"],"acf":[],"_links":{"self":[{"href":"https:\/\/www.colegioarautos.net\/index.php?rest_route=\/wp\/v2\/posts\/215","targetHints":{"allow":["GET"]}}],"collection":[{"href":"https:\/\/www.colegioarautos.net\/index.php?rest_route=\/wp\/v2\/posts"}],"about":[{"href":"https:\/\/www.colegioarautos.net\/index.php?rest_route=\/wp\/v2\/types\/post"}],"author":[{"embeddable":true,"href":"https:\/\/www.colegioarautos.net\/index.php?rest_route=\/wp\/v2\/users\/4"}],"replies":[{"embeddable":true,"href":"https:\/\/www.colegioarautos.net\/index.php?rest_route=%2Fwp%2Fv2%2Fcomments&post=215"}],"version-history":[{"count":7,"href":"https:\/\/www.colegioarautos.net\/index.php?rest_route=\/wp\/v2\/posts\/215\/revisions"}],"predecessor-version":[{"id":378,"href":"https:\/\/www.colegioarautos.net\/index.php?rest_route=\/wp\/v2\/posts\/215\/revisions\/378"}],"wp:featuredmedia":[{"embeddable":true,"href":"https:\/\/www.colegioarautos.net\/index.php?rest_route=\/wp\/v2\/media\/364"}],"wp:attachment":[{"href":"https:\/\/www.colegioarautos.net\/index.php?rest_route=%2Fwp%2Fv2%2Fmedia&parent=215"}],"wp:term":[{"taxonomy":"category","embeddable":true,"href":"https:\/\/www.colegioarautos.net\/index.php?rest_route=%2Fwp%2Fv2%2Fcategories&post=215"},{"taxonomy":"post_tag","embeddable":true,"href":"https:\/\/www.colegioarautos.net\/index.php?rest_route=%2Fwp%2Fv2%2Ftags&post=215"}],"curies":[{"name":"wp","href":"https:\/\/api.w.org\/{rel}","templated":true}]}}