{"id":250,"date":"2018-12-11T16:15:57","date_gmt":"2018-12-11T16:15:57","guid":{"rendered":"http:\/\/www.colegioarautos.net\/?p=250"},"modified":"2020-02-28T16:08:06","modified_gmt":"2020-02-28T16:08:06","slug":"confraternizacao-de-natal-no-colegio-arautos-do-evangelho","status":"publish","type":"post","link":"https:\/\/www.colegioarautos.net\/?p=250","title":{"rendered":"Confraterniza\u00e7\u00e3o de Natal no Col\u00e9gio Arautos do Evangelho"},"content":{"rendered":"<p><a href=\"http:\/\/www.colegioarautos.net\/wp-content\/uploads\/2018\/12\/AEA_6724.jpg\"><img loading=\"lazy\" decoding=\"async\" class=\"size-full wp-image-251 aligncenter\" src=\"http:\/\/www.colegioarautos.net\/wp-content\/uploads\/2018\/12\/AEA_6724.jpg\" alt=\"\" width=\"640\" height=\"426\" srcset=\"https:\/\/www.colegioarautos.net\/wp-content\/uploads\/2018\/12\/AEA_6724.jpg 640w, https:\/\/www.colegioarautos.net\/wp-content\/uploads\/2018\/12\/AEA_6724-300x200.jpg 300w\" sizes=\"auto, (max-width: 640px) 100vw, 640px\" \/><\/a><\/p>\n\n\n<p>O dia 8 de Dezembro, Solenidade da Imaculada Concei\u00e7\u00e3o, foi a data escolhida para mais uma confraterniza\u00e7\u00e3o de Natal no Col\u00e9gio Arautos do Evangelho, em Guimar\u00e3es.<\/p>\n\n\n\n<p>A comemora\u00e7\u00e3o contou com uma enorme ades\u00e3o da comunidade escolar e teve in\u00edcio com a Eucaristia presidida pelo Pe. Roberto Sato, EP, e concelebrada pelo Pe. Samuel Maia, EP, e pelo Pe. Paulo Ferreira da Silva, EP.<\/p>\n\n\n\n<p>Perante a numerosa assembleia, da qual fizeram parte a Presidente da Junta de Candoso S\u00e3o Martinho, Dra. Odete Lemos, e o Provedor da Irmandade da Santa Cruz de Braga, Dr. Lu\u00eds Rufo, o celebrante comentou o significado da efem\u00e9ride, e finalizou a homilia destacando o papel da espiritualidade em todos os momentos da vida, de maneira especial no relacionamento entre educadores e educandos.<\/p>\n\n\n\n<p>Ao alimento espiritual seguiu-se uma saborosa refei\u00e7\u00e3o, encerrada com chave de ouro com um mini concerto do Coro e Banda dos Arautos, que acabou por ser, na opini\u00e3o de v\u00e1rios participantes, o momento alto deste conv\u00edvio natal\u00edcio.<\/p>\n\n\nngg_shortcode_0_placeholder\n","protected":false},"excerpt":{"rendered":"<p>O dia 8 de Dezembro, Solenidade da Imaculada Concei\u00e7\u00e3o, foi a data escolhida para mais uma confraterniza\u00e7\u00e3o de Natal no Col\u00e9gio Arautos do Evangelho, em Guimar\u00e3es. A comemora\u00e7\u00e3o&#46;&#46;&#46;<\/p>\n","protected":false},"author":4,"featured_media":361,"comment_status":"open","ping_status":"closed","sticky":false,"template":"","format":"standard","meta":{"_acf_changed":false,"ngg_post_thumbnail":0,"footnotes":""},"categories":[1],"tags":[],"class_list":["post-250","post","type-post","status-publish","format-standard","has-post-thumbnail","hentry","category-arautos-noticias"],"acf":[],"_links":{"self":[{"href":"https:\/\/www.colegioarautos.net\/index.php?rest_route=\/wp\/v2\/posts\/250","targetHints":{"allow":["GET"]}}],"collection":[{"href":"https:\/\/www.colegioarautos.net\/index.php?rest_route=\/wp\/v2\/posts"}],"about":[{"href":"https:\/\/www.colegioarautos.net\/index.php?rest_route=\/wp\/v2\/types\/post"}],"author":[{"embeddable":true,"href":"https:\/\/www.colegioarautos.net\/index.php?rest_route=\/wp\/v2\/users\/4"}],"replies":[{"embeddable":true,"href":"https:\/\/www.colegioarautos.net\/index.php?rest_route=%2Fwp%2Fv2%2Fcomments&post=250"}],"version-history":[{"count":5,"href":"https:\/\/www.colegioarautos.net\/index.php?rest_route=\/wp\/v2\/posts\/250\/revisions"}],"predecessor-version":[{"id":379,"href":"https:\/\/www.colegioarautos.net\/index.php?rest_route=\/wp\/v2\/posts\/250\/revisions\/379"}],"wp:featuredmedia":[{"embeddable":true,"href":"https:\/\/www.colegioarautos.net\/index.php?rest_route=\/wp\/v2\/media\/361"}],"wp:attachment":[{"href":"https:\/\/www.colegioarautos.net\/index.php?rest_route=%2Fwp%2Fv2%2Fmedia&parent=250"}],"wp:term":[{"taxonomy":"category","embeddable":true,"href":"https:\/\/www.colegioarautos.net\/index.php?rest_route=%2Fwp%2Fv2%2Fcategories&post=250"},{"taxonomy":"post_tag","embeddable":true,"href":"https:\/\/www.colegioarautos.net\/index.php?rest_route=%2Fwp%2Fv2%2Ftags&post=250"}],"curies":[{"name":"wp","href":"https:\/\/api.w.org\/{rel}","templated":true}]}}