{"id":439,"date":"2019-01-25T10:45:57","date_gmt":"2019-01-25T10:45:57","guid":{"rendered":"http:\/\/www.colegioarautos.net\/?p=439"},"modified":"2020-03-02T10:50:58","modified_gmt":"2020-03-02T10:50:58","slug":"guimaraes-mascotelos-celebra-os-padroeiros-sao-vicente-e-santo-amaro","status":"publish","type":"post","link":"https:\/\/www.colegioarautos.net\/?p=439","title":{"rendered":"Guimar\u00e3es: Mascotelos celebra os padroeiros S\u00e3o Vicente e Santo Amaro"},"content":{"rendered":"\n<figure class=\"wp-block-image size-large\"><img loading=\"lazy\" decoding=\"async\" width=\"1024\" height=\"683\" src=\"http:\/\/www.colegioarautos.net\/wp-content\/uploads\/2020\/03\/DSC_0324-1024x683.jpg\" alt=\"\" class=\"wp-image-440\" srcset=\"https:\/\/www.colegioarautos.net\/wp-content\/uploads\/2020\/03\/DSC_0324-1024x683.jpg 1024w, https:\/\/www.colegioarautos.net\/wp-content\/uploads\/2020\/03\/DSC_0324-300x200.jpg 300w, https:\/\/www.colegioarautos.net\/wp-content\/uploads\/2020\/03\/DSC_0324-768x512.jpg 768w, https:\/\/www.colegioarautos.net\/wp-content\/uploads\/2020\/03\/DSC_0324-1536x1024.jpg 1536w, https:\/\/www.colegioarautos.net\/wp-content\/uploads\/2020\/03\/DSC_0324.jpg 1920w\" sizes=\"auto, (max-width: 1024px) 100vw, 1024px\" \/><\/figure>\n\n\n\n<p>A comunidade paroquial de Mascotelos, em Guimar\u00e3es, esteve em festa por ocasi\u00e3o das comemora\u00e7\u00f5es em honra dos padroeiros, Santo Amaro e S\u00e3o Vicente.<br>Assinalada com grande solenidade, a efem\u00e9ride culminou no passado domingo com uma Eucaristia, presidida pelo p\u00e1roco, Pe. Henrique dos Santos Ribeiro.<br>Ap\u00f3s esta teve lugar a prociss\u00e3o, na qual marcaram presen\u00e7a representantes do poder local e ainda militares, bombeiros, e outras institui\u00e7\u00f5es tradicionalmente ligadas a esta festa.<br>O cortejo contou ainda com a participa\u00e7\u00e3o dos Arautos do Evangelho, que mais uma vez se associaram a esta comemora\u00e7\u00e3o t\u00e3o enraizada e venerada na comunidade de Mascotelos.<\/p>\n\n\n\nngg_shortcode_0_placeholder\n","protected":false},"excerpt":{"rendered":"<p>A comunidade paroquial de Mascotelos, em Guimar\u00e3es, esteve em festa por ocasi\u00e3o das comemora\u00e7\u00f5es em honra dos padroeiros, Santo Amaro e S\u00e3o Vicente.Assinalada com grande solenidade, a efem\u00e9ride&#46;&#46;&#46;<\/p>\n","protected":false},"author":4,"featured_media":441,"comment_status":"open","ping_status":"closed","sticky":false,"template":"","format":"standard","meta":{"_acf_changed":false,"ngg_post_thumbnail":0,"footnotes":""},"categories":[1],"tags":[],"class_list":["post-439","post","type-post","status-publish","format-standard","has-post-thumbnail","hentry","category-arautos-noticias"],"acf":[],"_links":{"self":[{"href":"https:\/\/www.colegioarautos.net\/index.php?rest_route=\/wp\/v2\/posts\/439","targetHints":{"allow":["GET"]}}],"collection":[{"href":"https:\/\/www.colegioarautos.net\/index.php?rest_route=\/wp\/v2\/posts"}],"about":[{"href":"https:\/\/www.colegioarautos.net\/index.php?rest_route=\/wp\/v2\/types\/post"}],"author":[{"embeddable":true,"href":"https:\/\/www.colegioarautos.net\/index.php?rest_route=\/wp\/v2\/users\/4"}],"replies":[{"embeddable":true,"href":"https:\/\/www.colegioarautos.net\/index.php?rest_route=%2Fwp%2Fv2%2Fcomments&post=439"}],"version-history":[{"count":2,"href":"https:\/\/www.colegioarautos.net\/index.php?rest_route=\/wp\/v2\/posts\/439\/revisions"}],"predecessor-version":[{"id":449,"href":"https:\/\/www.colegioarautos.net\/index.php?rest_route=\/wp\/v2\/posts\/439\/revisions\/449"}],"wp:featuredmedia":[{"embeddable":true,"href":"https:\/\/www.colegioarautos.net\/index.php?rest_route=\/wp\/v2\/media\/441"}],"wp:attachment":[{"href":"https:\/\/www.colegioarautos.net\/index.php?rest_route=%2Fwp%2Fv2%2Fmedia&parent=439"}],"wp:term":[{"taxonomy":"category","embeddable":true,"href":"https:\/\/www.colegioarautos.net\/index.php?rest_route=%2Fwp%2Fv2%2Fcategories&post=439"},{"taxonomy":"post_tag","embeddable":true,"href":"https:\/\/www.colegioarautos.net\/index.php?rest_route=%2Fwp%2Fv2%2Ftags&post=439"}],"curies":[{"name":"wp","href":"https:\/\/api.w.org\/{rel}","templated":true}]}}