{"id":450,"date":"2019-03-26T10:58:09","date_gmt":"2019-03-26T10:58:09","guid":{"rendered":"http:\/\/www.colegioarautos.net\/?p=450"},"modified":"2020-03-02T11:02:29","modified_gmt":"2020-03-02T11:02:29","slug":"colegio-arautos-comunidade-escolar-assinala-o-dia-do-pai","status":"publish","type":"post","link":"https:\/\/www.colegioarautos.net\/?p=450","title":{"rendered":"Col\u00e9gio Arautos: Comunidade escolar assinala o Dia do Pai"},"content":{"rendered":"\n<div class=\"wp-block-image\"><figure class=\"aligncenter size-large\"><img loading=\"lazy\" decoding=\"async\" width=\"640\" height=\"427\" src=\"http:\/\/www.colegioarautos.net\/wp-content\/uploads\/2020\/03\/DSC_2819.jpg\" alt=\"\" class=\"wp-image-451\" srcset=\"https:\/\/www.colegioarautos.net\/wp-content\/uploads\/2020\/03\/DSC_2819.jpg 640w, https:\/\/www.colegioarautos.net\/wp-content\/uploads\/2020\/03\/DSC_2819-300x200.jpg 300w\" sizes=\"auto, (max-width: 640px) 100vw, 640px\" \/><\/figure><\/div>\n\n\n\n<p>O Dia do Pai foi mais uma vez assinalado com enorme j\u00fabilo no Col\u00e9gio Arautos do Evangelho, em Guimar\u00e3es.<\/p>\n\n\n\n<p>A comemora\u00e7\u00e3o teve in\u00edcio com a Celebra\u00e7\u00e3o Eucar\u00edstica, presidida pelo sacerdote Arauto, Pe. Paulo Henrique Ferreira da Silva, EP, e foi animada pelo coro e conjunto instrumental da institui\u00e7\u00e3o, contando com a participa\u00e7\u00e3o dos alunos mais jovens, ainda a dar os primeiros passos na m\u00fasica.<\/p>\n\n\n\n<p>Ao banquete celeste seguiu-se o almo\u00e7o, ocasi\u00e3o para um animado conv\u00edvio entre toda a comunidade escolar, que finalizou com chave de ouro numa emocionante pe\u00e7a de teatro alusiva \u00e0 efem\u00e9ride.<\/p>\n\n\n\n<p>F\u00e9 e alegria foram assim mais uma vez os aspectos de relevo neste conv\u00edvio que congrega anualmente pais, alunos, professores e funcion\u00e1rios, para um dia festivo dedicado \u00e0 fam\u00edlia e, em particular, ao Patriarca S\u00e3o Jos\u00e9.<\/p>\n\n\n\nngg_shortcode_0_placeholder\n","protected":false},"excerpt":{"rendered":"<p>O Dia do Pai foi mais uma vez assinalado com enorme j\u00fabilo no Col\u00e9gio Arautos do Evangelho, em Guimar\u00e3es. A comemora\u00e7\u00e3o teve in\u00edcio com a Celebra\u00e7\u00e3o Eucar\u00edstica, presidida&#46;&#46;&#46;<\/p>\n","protected":false},"author":4,"featured_media":454,"comment_status":"open","ping_status":"closed","sticky":false,"template":"","format":"standard","meta":{"_acf_changed":false,"ngg_post_thumbnail":0,"footnotes":""},"categories":[1],"tags":[],"class_list":["post-450","post","type-post","status-publish","format-standard","has-post-thumbnail","hentry","category-arautos-noticias"],"acf":[],"_links":{"self":[{"href":"https:\/\/www.colegioarautos.net\/index.php?rest_route=\/wp\/v2\/posts\/450","targetHints":{"allow":["GET"]}}],"collection":[{"href":"https:\/\/www.colegioarautos.net\/index.php?rest_route=\/wp\/v2\/posts"}],"about":[{"href":"https:\/\/www.colegioarautos.net\/index.php?rest_route=\/wp\/v2\/types\/post"}],"author":[{"embeddable":true,"href":"https:\/\/www.colegioarautos.net\/index.php?rest_route=\/wp\/v2\/users\/4"}],"replies":[{"embeddable":true,"href":"https:\/\/www.colegioarautos.net\/index.php?rest_route=%2Fwp%2Fv2%2Fcomments&post=450"}],"version-history":[{"count":4,"href":"https:\/\/www.colegioarautos.net\/index.php?rest_route=\/wp\/v2\/posts\/450\/revisions"}],"predecessor-version":[{"id":471,"href":"https:\/\/www.colegioarautos.net\/index.php?rest_route=\/wp\/v2\/posts\/450\/revisions\/471"}],"wp:featuredmedia":[{"embeddable":true,"href":"https:\/\/www.colegioarautos.net\/index.php?rest_route=\/wp\/v2\/media\/454"}],"wp:attachment":[{"href":"https:\/\/www.colegioarautos.net\/index.php?rest_route=%2Fwp%2Fv2%2Fmedia&parent=450"}],"wp:term":[{"taxonomy":"category","embeddable":true,"href":"https:\/\/www.colegioarautos.net\/index.php?rest_route=%2Fwp%2Fv2%2Fcategories&post=450"},{"taxonomy":"post_tag","embeddable":true,"href":"https:\/\/www.colegioarautos.net\/index.php?rest_route=%2Fwp%2Fv2%2Ftags&post=450"}],"curies":[{"name":"wp","href":"https:\/\/api.w.org\/{rel}","templated":true}]}}