{"id":485,"date":"2019-05-24T13:32:57","date_gmt":"2019-05-24T13:32:57","guid":{"rendered":"http:\/\/www.colegioarautos.net\/?p=485"},"modified":"2020-03-02T13:38:20","modified_gmt":"2020-03-02T13:38:20","slug":"mes-de-maria-sao-joao-de-vizela-acolhe-missao-mariana-dos-arautos-do-evangelho","status":"publish","type":"post","link":"https:\/\/www.colegioarautos.net\/?p=485","title":{"rendered":"M\u00eas de Maria: S\u00e3o Jo\u00e3o de Vizela acolhe Miss\u00e3o Mariana dos Arautos do Evangelho"},"content":{"rendered":"\n<div class=\"wp-block-image\"><figure class=\"aligncenter size-large\"><img loading=\"lazy\" decoding=\"async\" width=\"1024\" height=\"682\" src=\"http:\/\/www.colegioarautos.net\/wp-content\/uploads\/2020\/03\/NMO_5494-1024x682.jpg\" alt=\"\" class=\"wp-image-486\" srcset=\"https:\/\/www.colegioarautos.net\/wp-content\/uploads\/2020\/03\/NMO_5494-1024x682.jpg 1024w, https:\/\/www.colegioarautos.net\/wp-content\/uploads\/2020\/03\/NMO_5494-300x200.jpg 300w, https:\/\/www.colegioarautos.net\/wp-content\/uploads\/2020\/03\/NMO_5494-768x512.jpg 768w, https:\/\/www.colegioarautos.net\/wp-content\/uploads\/2020\/03\/NMO_5494.jpg 1280w\" sizes=\"auto, (max-width: 1024px) 100vw, 1024px\" \/><\/figure><\/div>\n\n\n\n<p>Procurando assinalar de maneira especial o m\u00eas de Maria, a Par\u00f3quia de S\u00e3o Jo\u00e3o de&nbsp;Vizela e os Arautos do Evangelho est\u00e3o a promover uma \u201cMiss\u00e3o Mariana\u201d entre os&nbsp;dias 19 e 26 de Maio, que dever\u00e1 levar aos lares, com\u00e9rcio e institui\u00e7\u00f5es sociais a&nbsp;imagem peregrina do Imaculado Cora\u00e7\u00e3o de Maria.<\/p>\n\n\n\n<p>Durante toda a semana haver\u00e1 na igreja matriz o sacramento da penit\u00eancia, a partir das\u00a018h, a recita\u00e7\u00e3o do ter\u00e7o \u00e0s 18h30 e a Celebra\u00e7\u00e3o Eucar\u00edstica \u00e0s 19h.<\/p>\n\n\n\nngg_shortcode_0_placeholder\n","protected":false},"excerpt":{"rendered":"<p>Procurando assinalar de maneira especial o m\u00eas de Maria, a Par\u00f3quia de S\u00e3o Jo\u00e3o de&nbsp;Vizela e os Arautos do Evangelho est\u00e3o a promover uma \u201cMiss\u00e3o Mariana\u201d entre os&nbsp;dias&#46;&#46;&#46;<\/p>\n","protected":false},"author":4,"featured_media":487,"comment_status":"open","ping_status":"closed","sticky":false,"template":"","format":"standard","meta":{"_acf_changed":false,"ngg_post_thumbnail":0,"footnotes":""},"categories":[1],"tags":[],"class_list":["post-485","post","type-post","status-publish","format-standard","has-post-thumbnail","hentry","category-arautos-noticias"],"acf":[],"_links":{"self":[{"href":"https:\/\/www.colegioarautos.net\/index.php?rest_route=\/wp\/v2\/posts\/485","targetHints":{"allow":["GET"]}}],"collection":[{"href":"https:\/\/www.colegioarautos.net\/index.php?rest_route=\/wp\/v2\/posts"}],"about":[{"href":"https:\/\/www.colegioarautos.net\/index.php?rest_route=\/wp\/v2\/types\/post"}],"author":[{"embeddable":true,"href":"https:\/\/www.colegioarautos.net\/index.php?rest_route=\/wp\/v2\/users\/4"}],"replies":[{"embeddable":true,"href":"https:\/\/www.colegioarautos.net\/index.php?rest_route=%2Fwp%2Fv2%2Fcomments&post=485"}],"version-history":[{"count":2,"href":"https:\/\/www.colegioarautos.net\/index.php?rest_route=\/wp\/v2\/posts\/485\/revisions"}],"predecessor-version":[{"id":498,"href":"https:\/\/www.colegioarautos.net\/index.php?rest_route=\/wp\/v2\/posts\/485\/revisions\/498"}],"wp:featuredmedia":[{"embeddable":true,"href":"https:\/\/www.colegioarautos.net\/index.php?rest_route=\/wp\/v2\/media\/487"}],"wp:attachment":[{"href":"https:\/\/www.colegioarautos.net\/index.php?rest_route=%2Fwp%2Fv2%2Fmedia&parent=485"}],"wp:term":[{"taxonomy":"category","embeddable":true,"href":"https:\/\/www.colegioarautos.net\/index.php?rest_route=%2Fwp%2Fv2%2Fcategories&post=485"},{"taxonomy":"post_tag","embeddable":true,"href":"https:\/\/www.colegioarautos.net\/index.php?rest_route=%2Fwp%2Fv2%2Ftags&post=485"}],"curies":[{"name":"wp","href":"https:\/\/api.w.org\/{rel}","templated":true}]}}