{"id":636,"date":"2020-01-02T16:22:16","date_gmt":"2020-01-02T16:22:16","guid":{"rendered":"http:\/\/www.colegioarautos.net\/?p=636"},"modified":"2020-03-02T16:25:42","modified_gmt":"2020-03-02T16:25:42","slug":"lisboa-concerto-e-missa-assinalam-inicio-do-ano-na-basilica-dos-martires","status":"publish","type":"post","link":"https:\/\/www.colegioarautos.net\/?p=636","title":{"rendered":"Lisboa: Concerto e Missa assinalam in\u00edcio do ano na Bas\u00edlica dos M\u00e1rtires"},"content":{"rendered":"\n<figure class=\"wp-block-embed-youtube wp-block-embed is-type-video is-provider-youtube wp-embed-aspect-16-9 wp-has-aspect-ratio\"><div class=\"wp-block-embed__wrapper\">\n<div class=\"video-container\"><iframe loading=\"lazy\" title=\"Arautos do Evangelho: Concerto de Ano Novo na Bas\u00edlica dos M\u00e1rtires\" width=\"500\" height=\"281\" src=\"https:\/\/www.youtube.com\/embed\/5UM4BNbDTwU?feature=oembed&#038;wmode=opaque\" frameborder=\"0\" allow=\"accelerometer; autoplay; clipboard-write; encrypted-media; gyroscope; picture-in-picture; web-share\" referrerpolicy=\"strict-origin-when-cross-origin\" allowfullscreen><\/iframe><\/div>\n<\/div><figcaption>Veja os melhores momentos do Concerto e Missa que marcaram o in\u00edcio do ano para centenas de fi\u00e9is na par\u00f3quia dos M\u00e1rtires, em Lisboa.<\/figcaption><\/figure>\n","protected":false},"excerpt":{"rendered":"","protected":false},"author":4,"featured_media":639,"comment_status":"open","ping_status":"closed","sticky":false,"template":"","format":"video","meta":{"_acf_changed":false,"ngg_post_thumbnail":0,"footnotes":""},"categories":[1],"tags":[],"class_list":["post-636","post","type-post","status-publish","format-video","has-post-thumbnail","hentry","category-arautos-noticias","post_format-post-format-video"],"acf":[],"_links":{"self":[{"href":"https:\/\/www.colegioarautos.net\/index.php?rest_route=\/wp\/v2\/posts\/636","targetHints":{"allow":["GET"]}}],"collection":[{"href":"https:\/\/www.colegioarautos.net\/index.php?rest_route=\/wp\/v2\/posts"}],"about":[{"href":"https:\/\/www.colegioarautos.net\/index.php?rest_route=\/wp\/v2\/types\/post"}],"author":[{"embeddable":true,"href":"https:\/\/www.colegioarautos.net\/index.php?rest_route=\/wp\/v2\/users\/4"}],"replies":[{"embeddable":true,"href":"https:\/\/www.colegioarautos.net\/index.php?rest_route=%2Fwp%2Fv2%2Fcomments&post=636"}],"version-history":[{"count":1,"href":"https:\/\/www.colegioarautos.net\/index.php?rest_route=\/wp\/v2\/posts\/636\/revisions"}],"predecessor-version":[{"id":638,"href":"https:\/\/www.colegioarautos.net\/index.php?rest_route=\/wp\/v2\/posts\/636\/revisions\/638"}],"wp:featuredmedia":[{"embeddable":true,"href":"https:\/\/www.colegioarautos.net\/index.php?rest_route=\/wp\/v2\/media\/639"}],"wp:attachment":[{"href":"https:\/\/www.colegioarautos.net\/index.php?rest_route=%2Fwp%2Fv2%2Fmedia&parent=636"}],"wp:term":[{"taxonomy":"category","embeddable":true,"href":"https:\/\/www.colegioarautos.net\/index.php?rest_route=%2Fwp%2Fv2%2Fcategories&post=636"},{"taxonomy":"post_tag","embeddable":true,"href":"https:\/\/www.colegioarautos.net\/index.php?rest_route=%2Fwp%2Fv2%2Ftags&post=636"}],"curies":[{"name":"wp","href":"https:\/\/api.w.org\/{rel}","templated":true}]}}