{"id":653,"date":"2020-01-28T10:00:24","date_gmt":"2020-01-28T10:00:24","guid":{"rendered":"http:\/\/www.colegioarautos.net\/?p=653"},"modified":"2020-03-02T16:45:13","modified_gmt":"2020-03-02T16:45:13","slug":"guimaraes-mascotelos-assinala-memoria-do-padroeiro-santo-amaro","status":"publish","type":"post","link":"https:\/\/www.colegioarautos.net\/?p=653","title":{"rendered":"Guimar\u00e3es: Mascotelos assinala mem\u00f3ria do padroeiro Santo Amaro"},"content":{"rendered":"\n<figure class=\"wp-block-image size-large\"><img loading=\"lazy\" decoding=\"async\" width=\"1024\" height=\"682\" src=\"http:\/\/www.colegioarautos.net\/wp-content\/uploads\/2020\/03\/DSC_2474-Co\u0301pia-1-1024x682.jpg\" alt=\"\" class=\"wp-image-654\" srcset=\"https:\/\/www.colegioarautos.net\/wp-content\/uploads\/2020\/03\/DSC_2474-Co\u0301pia-1-1024x682.jpg 1024w, https:\/\/www.colegioarautos.net\/wp-content\/uploads\/2020\/03\/DSC_2474-Co\u0301pia-1-300x200.jpg 300w, https:\/\/www.colegioarautos.net\/wp-content\/uploads\/2020\/03\/DSC_2474-Co\u0301pia-1-768x512.jpg 768w, https:\/\/www.colegioarautos.net\/wp-content\/uploads\/2020\/03\/DSC_2474-Co\u0301pia-1.jpg 1280w\" sizes=\"auto, (max-width: 1024px) 100vw, 1024px\" \/><\/figure>\n\n\n\n<p>Institui\u00e7\u00f5es, autoridades e um grande n\u00famero de fi\u00e9is, congregaram-se novamente em Mascotelos para assinalar a festa do padroeiro, Santo Amaro.<\/p>\n\n\n\n<p>A efem\u00e9ride teve o seu ponto alto na Eucaristia presidida pelo p\u00e1roco, Pe. Henrique Ribeiro, e concelebrada pelo Pe. Ricardo Queir\u00f3s, EP, seguida da tradicional prociss\u00e3o.<\/p>\n\n\n\n<p>O cortejo contou mais uma vez com a participa\u00e7\u00e3o dos Arautos do Evangelho, que ano ap\u00f3s ano se associam a esta celebra\u00e7\u00e3o t\u00e3o enraizada na localidade.<\/p>\n\n\nngg_shortcode_0_placeholder\n","protected":false},"excerpt":{"rendered":"<p>Institui\u00e7\u00f5es, autoridades e um grande n\u00famero de fi\u00e9is, congregaram-se novamente em Mascotelos para assinalar a festa do padroeiro, Santo Amaro. A efem\u00e9ride teve o seu ponto alto na&#46;&#46;&#46;<\/p>\n","protected":false},"author":4,"featured_media":654,"comment_status":"open","ping_status":"closed","sticky":false,"template":"","format":"standard","meta":{"_acf_changed":false,"ngg_post_thumbnail":0,"footnotes":""},"categories":[1],"tags":[],"class_list":["post-653","post","type-post","status-publish","format-standard","has-post-thumbnail","hentry","category-arautos-noticias"],"acf":[],"_links":{"self":[{"href":"https:\/\/www.colegioarautos.net\/index.php?rest_route=\/wp\/v2\/posts\/653","targetHints":{"allow":["GET"]}}],"collection":[{"href":"https:\/\/www.colegioarautos.net\/index.php?rest_route=\/wp\/v2\/posts"}],"about":[{"href":"https:\/\/www.colegioarautos.net\/index.php?rest_route=\/wp\/v2\/types\/post"}],"author":[{"embeddable":true,"href":"https:\/\/www.colegioarautos.net\/index.php?rest_route=\/wp\/v2\/users\/4"}],"replies":[{"embeddable":true,"href":"https:\/\/www.colegioarautos.net\/index.php?rest_route=%2Fwp%2Fv2%2Fcomments&post=653"}],"version-history":[{"count":1,"href":"https:\/\/www.colegioarautos.net\/index.php?rest_route=\/wp\/v2\/posts\/653\/revisions"}],"predecessor-version":[{"id":656,"href":"https:\/\/www.colegioarautos.net\/index.php?rest_route=\/wp\/v2\/posts\/653\/revisions\/656"}],"wp:featuredmedia":[{"embeddable":true,"href":"https:\/\/www.colegioarautos.net\/index.php?rest_route=\/wp\/v2\/media\/654"}],"wp:attachment":[{"href":"https:\/\/www.colegioarautos.net\/index.php?rest_route=%2Fwp%2Fv2%2Fmedia&parent=653"}],"wp:term":[{"taxonomy":"category","embeddable":true,"href":"https:\/\/www.colegioarautos.net\/index.php?rest_route=%2Fwp%2Fv2%2Fcategories&post=653"},{"taxonomy":"post_tag","embeddable":true,"href":"https:\/\/www.colegioarautos.net\/index.php?rest_route=%2Fwp%2Fv2%2Ftags&post=653"}],"curies":[{"name":"wp","href":"https:\/\/api.w.org\/{rel}","templated":true}]}}