{"id":693,"date":"2020-02-29T10:00:44","date_gmt":"2020-02-29T10:00:44","guid":{"rendered":"http:\/\/www.colegioarautos.net\/?p=693"},"modified":"2020-03-02T17:29:55","modified_gmt":"2020-03-02T17:29:55","slug":"ii-seminario-de-formacao-continua-colegio-arautos-do-evangelho","status":"publish","type":"post","link":"https:\/\/www.colegioarautos.net\/?p=693","title":{"rendered":"II Semin\u00e1rio de Forma\u00e7\u00e3o Cont\u00ednua &#8211; Col\u00e9gio Arautos do Evangelho"},"content":{"rendered":"\n<figure class=\"wp-block-image size-large\"><img loading=\"lazy\" decoding=\"async\" width=\"1024\" height=\"682\" src=\"http:\/\/www.colegioarautos.net\/wp-content\/uploads\/2020\/03\/DSCF084917012020HA-1024x682.jpg\" alt=\"\" class=\"wp-image-690\" srcset=\"https:\/\/www.colegioarautos.net\/wp-content\/uploads\/2020\/03\/DSCF084917012020HA-1024x682.jpg 1024w, https:\/\/www.colegioarautos.net\/wp-content\/uploads\/2020\/03\/DSCF084917012020HA-300x200.jpg 300w, https:\/\/www.colegioarautos.net\/wp-content\/uploads\/2020\/03\/DSCF084917012020HA-768x512.jpg 768w, https:\/\/www.colegioarautos.net\/wp-content\/uploads\/2020\/03\/DSCF084917012020HA.jpg 1280w\" sizes=\"auto, (max-width: 1024px) 100vw, 1024px\" \/><\/figure>\n\n\n\n<p>O Col\u00e9gio Arautos do Evangelho, em Guimar\u00e3es, promoveu o segundo semin\u00e1rio de forma\u00e7\u00e3o para o corpo docente da institui\u00e7\u00e3o.<\/p>\n\n\n\n<p>O semin\u00e1rio intercalou palestras com momentos de partilha, conv\u00edvio e espiritualidade, proporcionando aos professores um maior conhecimento e integra\u00e7\u00e3o no carisma dos Arautos e na sua pedagogia.<\/p>\n\n\n\n<p>De acordo com a direc\u00e7\u00e3o o evento superou as expectativas, criando entre todos \u201cum esp\u00edrito de uni\u00e3o e entusiasmo que ter\u00e1 certamente resultados diretos na qualidade de ensino\u201d.<\/p>\n\n\nngg_shortcode_0_placeholder\n","protected":false},"excerpt":{"rendered":"<p>O Col\u00e9gio Arautos do Evangelho, em Guimar\u00e3es, promoveu o segundo semin\u00e1rio de forma\u00e7\u00e3o para o corpo docente da institui\u00e7\u00e3o. O semin\u00e1rio intercalou palestras com momentos de partilha, conv\u00edvio&#46;&#46;&#46;<\/p>\n","protected":false},"author":4,"featured_media":691,"comment_status":"open","ping_status":"closed","sticky":false,"template":"","format":"standard","meta":{"_acf_changed":false,"ngg_post_thumbnail":0,"footnotes":""},"categories":[1],"tags":[],"class_list":["post-693","post","type-post","status-publish","format-standard","has-post-thumbnail","hentry","category-arautos-noticias"],"acf":[],"_links":{"self":[{"href":"https:\/\/www.colegioarautos.net\/index.php?rest_route=\/wp\/v2\/posts\/693","targetHints":{"allow":["GET"]}}],"collection":[{"href":"https:\/\/www.colegioarautos.net\/index.php?rest_route=\/wp\/v2\/posts"}],"about":[{"href":"https:\/\/www.colegioarautos.net\/index.php?rest_route=\/wp\/v2\/types\/post"}],"author":[{"embeddable":true,"href":"https:\/\/www.colegioarautos.net\/index.php?rest_route=\/wp\/v2\/users\/4"}],"replies":[{"embeddable":true,"href":"https:\/\/www.colegioarautos.net\/index.php?rest_route=%2Fwp%2Fv2%2Fcomments&post=693"}],"version-history":[{"count":2,"href":"https:\/\/www.colegioarautos.net\/index.php?rest_route=\/wp\/v2\/posts\/693\/revisions"}],"predecessor-version":[{"id":707,"href":"https:\/\/www.colegioarautos.net\/index.php?rest_route=\/wp\/v2\/posts\/693\/revisions\/707"}],"wp:featuredmedia":[{"embeddable":true,"href":"https:\/\/www.colegioarautos.net\/index.php?rest_route=\/wp\/v2\/media\/691"}],"wp:attachment":[{"href":"https:\/\/www.colegioarautos.net\/index.php?rest_route=%2Fwp%2Fv2%2Fmedia&parent=693"}],"wp:term":[{"taxonomy":"category","embeddable":true,"href":"https:\/\/www.colegioarautos.net\/index.php?rest_route=%2Fwp%2Fv2%2Fcategories&post=693"},{"taxonomy":"post_tag","embeddable":true,"href":"https:\/\/www.colegioarautos.net\/index.php?rest_route=%2Fwp%2Fv2%2Ftags&post=693"}],"curies":[{"name":"wp","href":"https:\/\/api.w.org\/{rel}","templated":true}]}}